{"id":2185,"date":"2026-05-02T14:14:23","date_gmt":"2026-05-02T14:14:23","guid":{"rendered":"https:\/\/laterraza.ar\/website\/?p=2185"},"modified":"2026-05-02T14:14:24","modified_gmt":"2026-05-02T14:14:24","slug":"cafest-vol-iii-el-festival-del-cafe-marplatense-vuelve-con-una-jornada-de-diez-horas-en-dos-sedes","status":"publish","type":"post","link":"https:\/\/laterraza.ar\/website\/cafest-vol-iii-el-festival-del-cafe-marplatense-vuelve-con-una-jornada-de-diez-horas-en-dos-sedes\/","title":{"rendered":"CAFEST VOL. III: el festival del caf\u00e9 marplatense vuelve con una jornada de diez horas en dos sedes"},"content":{"rendered":"\n<p>Tendr\u00e1 lugar el s\u00e1bado 16 de mayo, con entrada libre y la participaci\u00f3n de m\u00e1s de 30 cafeter\u00edas, simult\u00e1neamente en Villa Victoria y Villa Mitre. En ese contexto, m\u00fasica electr\u00f3nica en vivo de la mano de los mejores DJs acompa\u00f1ar\u00e1n la tarde generando un ambiente \u00fanico.<\/p>\n\n\n\n<figure class=\"wp-block-image size-large\"><a href=\"https:\/\/laterraza.ar\/website\/wp-content\/uploads\/2026\/05\/cafest-vol-II-6.jpeg\"><img loading=\"lazy\" decoding=\"async\" width=\"1024\" height=\"682\" src=\"https:\/\/laterraza.ar\/website\/wp-content\/uploads\/2026\/05\/cafest-vol-II-6-1024x682.jpeg\" alt=\"\" class=\"wp-image-2186\" srcset=\"https:\/\/laterraza.ar\/website\/wp-content\/uploads\/2026\/05\/cafest-vol-II-6-980x653.jpeg 980w, https:\/\/laterraza.ar\/website\/wp-content\/uploads\/2026\/05\/cafest-vol-II-6-480x320.jpeg 480w\" sizes=\"(min-width: 0px) and (max-width: 480px) 480px, (min-width: 481px) and (max-width: 980px) 980px, (min-width: 981px) 1024px, 100vw\" \/><\/a><\/figure>\n\n\n\n<p>Tras el \u00e9xito de sus ediciones anteriores, el Ente Municipal de Turismo y Cultura (EMTURyC) anuncia oficialmente el regreso de <strong>CAFEST para el s\u00e1bado 16 de mayo, de 11:00 a 21:00, con una propuesta renovada y ampliada <\/strong>con la que<strong> <\/strong>vecinos y turistas volver\u00e1n a disfrutar de esta gran experiencia cultural y gastron\u00f3mica al aire libre.<\/p>\n\n\n\n<p>La jornada se desarrollar\u00e1 de manera simult\u00e1nea en dos espacios patrimoniales de la ciudad:<strong> Villa Victoria (Matheu 1851) y Villa Mitre (Lamadrid 3870). Durante diez horas ininterrumpidas,<\/strong> el p\u00fablico podr\u00e1 recorrer ambos predios y descubrir una amplia variedad de propuestas mientras disfruta de la <strong>musicalizaci\u00f3n a cargo de distintos DJs que <\/strong>generar\u00e1n un ambiente distendido para bailar y compartir.<\/p>\n\n\n\n<figure class=\"wp-block-image size-large\"><a href=\"https:\/\/laterraza.ar\/website\/wp-content\/uploads\/2026\/05\/cafest-vol-II-4.jpeg\"><img loading=\"lazy\" decoding=\"async\" width=\"1024\" height=\"682\" src=\"https:\/\/laterraza.ar\/website\/wp-content\/uploads\/2026\/05\/cafest-vol-II-4-1024x682.jpeg\" alt=\"\" class=\"wp-image-2187\" srcset=\"https:\/\/laterraza.ar\/website\/wp-content\/uploads\/2026\/05\/cafest-vol-II-4-980x653.jpeg 980w, https:\/\/laterraza.ar\/website\/wp-content\/uploads\/2026\/05\/cafest-vol-II-4-480x320.jpeg 480w\" sizes=\"(min-width: 0px) and (max-width: 480px) 480px, (min-width: 481px) and (max-width: 980px) 980px, (min-width: 981px) 1024px, 100vw\" \/><\/a><\/figure>\n\n\n\n<p>En esta edici\u00f3n,<strong> m\u00e1s de 30 cafeter\u00edas marplatenses formar\u00e1n parte del evento<\/strong> ofreciendo caf\u00e9s de especialidad, degustaciones y opciones gastron\u00f3micas para acompa\u00f1ar. Adem\u00e1s, <strong>habr\u00e1 una feria de emprendedores <\/strong>con productos de dise\u00f1o y producci\u00f3n independiente,<strong> consolidando al festival como una vidriera para el talento local.<\/strong><\/p>\n\n\n\n<p><strong>CAFEST Vol. III tambi\u00e9n contar\u00e1 con un espacio infantil especialmente dise\u00f1ado,<\/strong> sumando actividades para que toda la familia pueda ser parte de la experiencia. Y durante la ma\u00f1ana,<strong> se llevar\u00e1n adelante charlas de especialistas en la tem\u00e1tica, <\/strong>abiertas a toda la comunidad.<\/p>\n\n\n\n<p>Cabe recordar que con el objetivo de promover la producci\u00f3n local, fomentar el consumo consciente y fortalecer los espacios de encuentro cultural, <strong>CAFEST se posiciona como uno de los eventos gastron\u00f3micos m\u00e1s convocantes de la ciudad, <\/strong>reafirmando a Mar del Plata como un polo en constante crecimiento dentro del mapa foodie nacional.<\/p>\n","protected":false},"excerpt":{"rendered":"<p>Tendr\u00e1 lugar el s\u00e1bado 16 de mayo, con entrada libre y la participaci\u00f3n de m\u00e1s de 30 cafeter\u00edas, simult\u00e1neamente en Villa Victoria y Villa Mitre. En ese contexto, m\u00fasica electr\u00f3nica en vivo de la mano de los mejores DJs acompa\u00f1ar\u00e1n la tarde generando un ambiente \u00fanico. Tras el \u00e9xito de sus ediciones anteriores, el Ente [&hellip;]<\/p>\n","protected":false},"author":4,"featured_media":2188,"comment_status":"closed","ping_status":"open","sticky":false,"template":"","format":"standard","meta":{"_et_pb_use_builder":"off","_et_pb_old_content":"","_et_gb_content_width":"","footnotes":""},"categories":[15],"tags":[118,120,119],"class_list":["post-2185","post","type-post","status-publish","format-standard","has-post-thumbnail","hentry","category-bloque-principal-nacional","tag-cafe","tag-festival","tag-marplatense"],"_links":{"self":[{"href":"https:\/\/laterraza.ar\/website\/wp-json\/wp\/v2\/posts\/2185","targetHints":{"allow":["GET"]}}],"collection":[{"href":"https:\/\/laterraza.ar\/website\/wp-json\/wp\/v2\/posts"}],"about":[{"href":"https:\/\/laterraza.ar\/website\/wp-json\/wp\/v2\/types\/post"}],"author":[{"embeddable":true,"href":"https:\/\/laterraza.ar\/website\/wp-json\/wp\/v2\/users\/4"}],"replies":[{"embeddable":true,"href":"https:\/\/laterraza.ar\/website\/wp-json\/wp\/v2\/comments?post=2185"}],"version-history":[{"count":1,"href":"https:\/\/laterraza.ar\/website\/wp-json\/wp\/v2\/posts\/2185\/revisions"}],"predecessor-version":[{"id":2189,"href":"https:\/\/laterraza.ar\/website\/wp-json\/wp\/v2\/posts\/2185\/revisions\/2189"}],"wp:featuredmedia":[{"embeddable":true,"href":"https:\/\/laterraza.ar\/website\/wp-json\/wp\/v2\/media\/2188"}],"wp:attachment":[{"href":"https:\/\/laterraza.ar\/website\/wp-json\/wp\/v2\/media?parent=2185"}],"wp:term":[{"taxonomy":"category","embeddable":true,"href":"https:\/\/laterraza.ar\/website\/wp-json\/wp\/v2\/categories?post=2185"},{"taxonomy":"post_tag","embeddable":true,"href":"https:\/\/laterraza.ar\/website\/wp-json\/wp\/v2\/tags?post=2185"}],"curies":[{"name":"wp","href":"https:\/\/api.w.org\/{rel}","templated":true}]}}